{"id":1527,"date":"2018-02-05T14:02:06","date_gmt":"2018-02-05T14:02:06","guid":{"rendered":"https:\/\/adoa.es\/epoca-poda-pues-depende\/"},"modified":"2018-02-06T13:20:08","modified_gmt":"2018-02-06T13:20:08","slug":"epoca-de-poda-pois-depende","status":"publish","type":"post","link":"https:\/\/adoa.es\/gl\/epoca-de-poda-pois-depende\/","title":{"rendered":"\u00c9poca de poda? pois depende&#8230;"},"content":{"rendered":"<p>Estamos en \u00e9poca de poda. Pero non todos os froiteiros p\u00f3danse no inverno. De feito, os froiteiros de \u00f3so debemos podar ao sa\u00edr de inverno, ou despues de recoller o froito ( albaricoque e melocotonero), ou o menos posible (cerdeira), xa que todos eles tenden a cicatrizar mal e a savia xa deber\u00eda estar a circular.<\/p>\n","protected":false},"excerpt":{"rendered":"<p>Estamos en \u00e9poca de poda. Pero non todos os froiteiros p\u00f3danse no inverno. De feito, os froiteiros de \u00f3so debemos podar ao sa\u00edr de inverno, ou despues de recoller o froito ( albaricoque e melocotonero), ou o menos posible (cerdeira), xa que todos eles tenden a cicatrizar mal e a savia xa deber\u00eda estar a [&hellip;]<\/p>\n","protected":false},"author":1,"featured_media":1287,"comment_status":"closed","ping_status":"closed","sticky":false,"template":"","format":"standard","meta":{"footnotes":""},"categories":[31],"tags":[],"class_list":["post-1527","post","type-post","status-publish","format-standard","has-post-thumbnail","hentry","category-blogadoa"],"yoast_head":"<!-- This site is optimized with the Yoast SEO plugin v28.3 - https:\/\/yoast.com\/product\/yoast-seo-wordpress\/ -->\n<title>\u00c9poca de poda? pois depende... - Adoa<\/title>\n<meta name=\"robots\" content=\"index, follow, max-snippet:-1, max-image-preview:large, max-video-preview:-1\" \/>\n<link rel=\"canonical\" href=\"https:\/\/adoa.es\/gl\/epoca-de-poda-pois-depende\/\" \/>\n<meta name=\"twitter:label1\" content=\"Escrito por\" \/>\n\t<meta name=\"twitter:data1\" content=\"pumpundixital\" \/>\n<script type=\"application\/ld+json\" class=\"yoast-schema-graph\">{\"@context\":\"https:\\\/\\\/schema.org\",\"@graph\":[{\"@type\":\"Article\",\"@id\":\"https:\\\/\\\/adoa.es\\\/gl\\\/epoca-de-poda-pois-depende\\\/#article\",\"isPartOf\":{\"@id\":\"https:\\\/\\\/adoa.es\\\/gl\\\/epoca-de-poda-pois-depende\\\/\"},\"author\":{\"name\":\"pumpundixital\",\"@id\":\"https:\\\/\\\/adoa.es\\\/gl\\\/#\\\/schema\\\/person\\\/668d1a339b46622ab61fe68b12d79012\"},\"headline\":\"\u00c9poca de poda? pois depende&#8230;\",\"datePublished\":\"2018-02-05T14:02:06+00:00\",\"dateModified\":\"2018-02-06T13:20:08+00:00\",\"mainEntityOfPage\":{\"@id\":\"https:\\\/\\\/adoa.es\\\/gl\\\/epoca-de-poda-pois-depende\\\/\"},\"wordCount\":63,\"image\":{\"@id\":\"https:\\\/\\\/adoa.es\\\/gl\\\/epoca-de-poda-pois-depende\\\/#primaryimage\"},\"thumbnailUrl\":\"https:\\\/\\\/adoa.es\\\/wp-content\\\/uploads\\\/2018\\\/02\\\/podas.jpg\",\"articleSection\":[\"Blog Adoa\"],\"inLanguage\":\"gl-ES\"},{\"@type\":\"WebPage\",\"@id\":\"https:\\\/\\\/adoa.es\\\/gl\\\/epoca-de-poda-pois-depende\\\/\",\"url\":\"https:\\\/\\\/adoa.es\\\/gl\\\/epoca-de-poda-pois-depende\\\/\",\"name\":\"\u00c9poca de poda? pois depende... - Adoa\",\"isPartOf\":{\"@id\":\"https:\\\/\\\/adoa.es\\\/gl\\\/#website\"},\"primaryImageOfPage\":{\"@id\":\"https:\\\/\\\/adoa.es\\\/gl\\\/epoca-de-poda-pois-depende\\\/#primaryimage\"},\"image\":{\"@id\":\"https:\\\/\\\/adoa.es\\\/gl\\\/epoca-de-poda-pois-depende\\\/#primaryimage\"},\"thumbnailUrl\":\"https:\\\/\\\/adoa.es\\\/wp-content\\\/uploads\\\/2018\\\/02\\\/podas.jpg\",\"datePublished\":\"2018-02-05T14:02:06+00:00\",\"dateModified\":\"2018-02-06T13:20:08+00:00\",\"author\":{\"@id\":\"https:\\\/\\\/adoa.es\\\/gl\\\/#\\\/schema\\\/person\\\/668d1a339b46622ab61fe68b12d79012\"},\"breadcrumb\":{\"@id\":\"https:\\\/\\\/adoa.es\\\/gl\\\/epoca-de-poda-pois-depende\\\/#breadcrumb\"},\"inLanguage\":\"gl-ES\",\"potentialAction\":[{\"@type\":\"ReadAction\",\"target\":[\"https:\\\/\\\/adoa.es\\\/gl\\\/epoca-de-poda-pois-depende\\\/\"]}]},{\"@type\":\"ImageObject\",\"inLanguage\":\"gl-ES\",\"@id\":\"https:\\\/\\\/adoa.es\\\/gl\\\/epoca-de-poda-pois-depende\\\/#primaryimage\",\"url\":\"https:\\\/\\\/adoa.es\\\/wp-content\\\/uploads\\\/2018\\\/02\\\/podas.jpg\",\"contentUrl\":\"https:\\\/\\\/adoa.es\\\/wp-content\\\/uploads\\\/2018\\\/02\\\/podas.jpg\",\"width\":750,\"height\":750},{\"@type\":\"BreadcrumbList\",\"@id\":\"https:\\\/\\\/adoa.es\\\/gl\\\/epoca-de-poda-pois-depende\\\/#breadcrumb\",\"itemListElement\":[{\"@type\":\"ListItem\",\"position\":1,\"name\":\"Portada\",\"item\":\"https:\\\/\\\/adoa.es\\\/gl\\\/\"},{\"@type\":\"ListItem\",\"position\":2,\"name\":\"\u00c9poca de poda? pois depende&#8230;\"}]},{\"@type\":\"WebSite\",\"@id\":\"https:\\\/\\\/adoa.es\\\/gl\\\/#website\",\"url\":\"https:\\\/\\\/adoa.es\\\/gl\\\/\",\"name\":\"Adoa\",\"description\":\"Centros de Xardiner\u00eda\",\"potentialAction\":[{\"@type\":\"SearchAction\",\"target\":{\"@type\":\"EntryPoint\",\"urlTemplate\":\"https:\\\/\\\/adoa.es\\\/gl\\\/?s={search_term_string}\"},\"query-input\":{\"@type\":\"PropertyValueSpecification\",\"valueRequired\":true,\"valueName\":\"search_term_string\"}}],\"inLanguage\":\"gl-ES\"},{\"@type\":\"Person\",\"@id\":\"https:\\\/\\\/adoa.es\\\/gl\\\/#\\\/schema\\\/person\\\/668d1a339b46622ab61fe68b12d79012\",\"name\":\"pumpundixital\",\"image\":{\"@type\":\"ImageObject\",\"inLanguage\":\"gl-ES\",\"@id\":\"https:\\\/\\\/secure.gravatar.com\\\/avatar\\\/d7d7d576070ea934840134b2ccbc290643a4155fdca760922b23c141039ade05?s=96&d=mm&r=g\",\"url\":\"https:\\\/\\\/secure.gravatar.com\\\/avatar\\\/d7d7d576070ea934840134b2ccbc290643a4155fdca760922b23c141039ade05?s=96&d=mm&r=g\",\"contentUrl\":\"https:\\\/\\\/secure.gravatar.com\\\/avatar\\\/d7d7d576070ea934840134b2ccbc290643a4155fdca760922b23c141039ade05?s=96&d=mm&r=g\",\"caption\":\"pumpundixital\"},\"url\":\"https:\\\/\\\/adoa.es\\\/gl\\\/author\\\/pumpundixital\\\/\"}]}<\/script>\n<!-- \/ Yoast SEO plugin. -->","yoast_head_json":{"title":"\u00c9poca de poda? pois depende... - Adoa","robots":{"index":"index","follow":"follow","max-snippet":"max-snippet:-1","max-image-preview":"max-image-preview:large","max-video-preview":"max-video-preview:-1"},"canonical":"https:\/\/adoa.es\/gl\/epoca-de-poda-pois-depende\/","twitter_misc":{"Escrito por":"pumpundixital"},"schema":{"@context":"https:\/\/schema.org","@graph":[{"@type":"Article","@id":"https:\/\/adoa.es\/gl\/epoca-de-poda-pois-depende\/#article","isPartOf":{"@id":"https:\/\/adoa.es\/gl\/epoca-de-poda-pois-depende\/"},"author":{"name":"pumpundixital","@id":"https:\/\/adoa.es\/gl\/#\/schema\/person\/668d1a339b46622ab61fe68b12d79012"},"headline":"\u00c9poca de poda? pois depende&#8230;","datePublished":"2018-02-05T14:02:06+00:00","dateModified":"2018-02-06T13:20:08+00:00","mainEntityOfPage":{"@id":"https:\/\/adoa.es\/gl\/epoca-de-poda-pois-depende\/"},"wordCount":63,"image":{"@id":"https:\/\/adoa.es\/gl\/epoca-de-poda-pois-depende\/#primaryimage"},"thumbnailUrl":"https:\/\/adoa.es\/wp-content\/uploads\/2018\/02\/podas.jpg","articleSection":["Blog Adoa"],"inLanguage":"gl-ES"},{"@type":"WebPage","@id":"https:\/\/adoa.es\/gl\/epoca-de-poda-pois-depende\/","url":"https:\/\/adoa.es\/gl\/epoca-de-poda-pois-depende\/","name":"\u00c9poca de poda? pois depende... - Adoa","isPartOf":{"@id":"https:\/\/adoa.es\/gl\/#website"},"primaryImageOfPage":{"@id":"https:\/\/adoa.es\/gl\/epoca-de-poda-pois-depende\/#primaryimage"},"image":{"@id":"https:\/\/adoa.es\/gl\/epoca-de-poda-pois-depende\/#primaryimage"},"thumbnailUrl":"https:\/\/adoa.es\/wp-content\/uploads\/2018\/02\/podas.jpg","datePublished":"2018-02-05T14:02:06+00:00","dateModified":"2018-02-06T13:20:08+00:00","author":{"@id":"https:\/\/adoa.es\/gl\/#\/schema\/person\/668d1a339b46622ab61fe68b12d79012"},"breadcrumb":{"@id":"https:\/\/adoa.es\/gl\/epoca-de-poda-pois-depende\/#breadcrumb"},"inLanguage":"gl-ES","potentialAction":[{"@type":"ReadAction","target":["https:\/\/adoa.es\/gl\/epoca-de-poda-pois-depende\/"]}]},{"@type":"ImageObject","inLanguage":"gl-ES","@id":"https:\/\/adoa.es\/gl\/epoca-de-poda-pois-depende\/#primaryimage","url":"https:\/\/adoa.es\/wp-content\/uploads\/2018\/02\/podas.jpg","contentUrl":"https:\/\/adoa.es\/wp-content\/uploads\/2018\/02\/podas.jpg","width":750,"height":750},{"@type":"BreadcrumbList","@id":"https:\/\/adoa.es\/gl\/epoca-de-poda-pois-depende\/#breadcrumb","itemListElement":[{"@type":"ListItem","position":1,"name":"Portada","item":"https:\/\/adoa.es\/gl\/"},{"@type":"ListItem","position":2,"name":"\u00c9poca de poda? pois depende&#8230;"}]},{"@type":"WebSite","@id":"https:\/\/adoa.es\/gl\/#website","url":"https:\/\/adoa.es\/gl\/","name":"Adoa","description":"Centros de Xardiner\u00eda","potentialAction":[{"@type":"SearchAction","target":{"@type":"EntryPoint","urlTemplate":"https:\/\/adoa.es\/gl\/?s={search_term_string}"},"query-input":{"@type":"PropertyValueSpecification","valueRequired":true,"valueName":"search_term_string"}}],"inLanguage":"gl-ES"},{"@type":"Person","@id":"https:\/\/adoa.es\/gl\/#\/schema\/person\/668d1a339b46622ab61fe68b12d79012","name":"pumpundixital","image":{"@type":"ImageObject","inLanguage":"gl-ES","@id":"https:\/\/secure.gravatar.com\/avatar\/d7d7d576070ea934840134b2ccbc290643a4155fdca760922b23c141039ade05?s=96&d=mm&r=g","url":"https:\/\/secure.gravatar.com\/avatar\/d7d7d576070ea934840134b2ccbc290643a4155fdca760922b23c141039ade05?s=96&d=mm&r=g","contentUrl":"https:\/\/secure.gravatar.com\/avatar\/d7d7d576070ea934840134b2ccbc290643a4155fdca760922b23c141039ade05?s=96&d=mm&r=g","caption":"pumpundixital"},"url":"https:\/\/adoa.es\/gl\/author\/pumpundixital\/"}]}},"_links":{"self":[{"href":"https:\/\/adoa.es\/gl\/wp-json\/wp\/v2\/posts\/1527","targetHints":{"allow":["GET"]}}],"collection":[{"href":"https:\/\/adoa.es\/gl\/wp-json\/wp\/v2\/posts"}],"about":[{"href":"https:\/\/adoa.es\/gl\/wp-json\/wp\/v2\/types\/post"}],"author":[{"embeddable":true,"href":"https:\/\/adoa.es\/gl\/wp-json\/wp\/v2\/users\/1"}],"replies":[{"embeddable":true,"href":"https:\/\/adoa.es\/gl\/wp-json\/wp\/v2\/comments?post=1527"}],"version-history":[{"count":2,"href":"https:\/\/adoa.es\/gl\/wp-json\/wp\/v2\/posts\/1527\/revisions"}],"predecessor-version":[{"id":1532,"href":"https:\/\/adoa.es\/gl\/wp-json\/wp\/v2\/posts\/1527\/revisions\/1532"}],"wp:featuredmedia":[{"embeddable":true,"href":"https:\/\/adoa.es\/gl\/wp-json\/wp\/v2\/media\/1287"}],"wp:attachment":[{"href":"https:\/\/adoa.es\/gl\/wp-json\/wp\/v2\/media?parent=1527"}],"wp:term":[{"taxonomy":"category","embeddable":true,"href":"https:\/\/adoa.es\/gl\/wp-json\/wp\/v2\/categories?post=1527"},{"taxonomy":"post_tag","embeddable":true,"href":"https:\/\/adoa.es\/gl\/wp-json\/wp\/v2\/tags?post=1527"}],"curies":[{"name":"wp","href":"https:\/\/api.w.org\/{rel}","templated":true}]}}